{"id":470,"date":"2024-01-31T11:36:28","date_gmt":"2024-01-31T11:36:28","guid":{"rendered":"https:\/\/www.aabac.es\/?p=470"},"modified":"2024-01-31T11:36:28","modified_gmt":"2024-01-31T11:36:28","slug":"cerca-de-un-centenar-de-expertos-en-el-ambito-concursal-analizan-en-el-icam-los-desafios-a-los-que-se-enfrentan-los-profesionales-tras-la-entrada-en-vigor-de-la-reforma-del-texto-refundido-de-la-ley-c","status":"publish","type":"post","link":"https:\/\/www.aabac.es\/?p=470","title":{"rendered":"Cerca de un centenar de expertos en el \u00e1mbito concursal analizan en el ICAM los desaf\u00edos a los que se enfrentan los profesionales tras la entrada en vigor de la reforma del texto refundido de la Ley Concursal"},"content":{"rendered":"<div class=\"fusion-fullwidth fullwidth-box fusion-builder-row-1 fusion-flex-container nonhundred-percent-fullwidth non-hundred-percent-height-scrolling\" style=\"background-color: rgba(255,255,255,0);background-position: center center;background-repeat: no-repeat;border-width: 0px 0px 0px 0px;border-color:#3e3e3e;border-style:solid;\" ><div class=\"fusion-builder-row fusion-row fusion-flex-align-items-flex-start\" style=\"max-width:1144px;margin-left: calc(-4% \/ 2 );margin-right: calc(-4% \/ 2 );\"><div class=\"fusion-layout-column fusion_builder_column fusion-builder-column-0 fusion_builder_column_1_1 1_1 fusion-flex-column\"><div class=\"fusion-column-wrapper fusion-flex-justify-content-flex-start fusion-content-layout-column\" style=\"background-position:left top;background-repeat:no-repeat;-webkit-background-size:cover;-moz-background-size:cover;-o-background-size:cover;background-size:cover;padding: 0px 0px 0px 0px;\"><div class=\"fusion-text fusion-text-1\" style=\"transform:translate3d(0,0,0);\"><p>Durante dos jornadas, celebradas los d\u00edas 17 y 18 de enero, cerca de un centenar de expertos se han dado cita en el ICAM en las sesiones de debate del VII Congreso Nacional de Derecho Concursal y Societario impulsado por el Centro de Estudios del ICAM.<\/p>\n<p>Bajo la direcci\u00f3n del magistrado de lo Mercantil n\u00ba6 de Madrid,\u00a0<strong>Francisco Javier Vaquer Mart\u00edn,\u00a0<\/strong>y de la administradora concursal\u00a0<strong>Amalia Fern\u00e1ndez Doyag\u00fce<\/strong>, el Congreso Concursal y Societario de Madrid ha servido para analizar las acuciantes dudas que plantea la aplicaci\u00f3n de la reciente reforma de la insolvencia y societaria en la pr\u00e1ctica diaria.<\/p>\n<p>El Diputado de la Junta de Gobierno del ICAM,\u00a0<strong>Jos\u00e9 Ram\u00f3n Couso<\/strong>, fue el encargado de inaugurar el Congreso, junto a los directores del mismo, recordando el \u201cenorme inter\u00e9s y actualidad\u201d de las materias abordadas. Cuestiones como el cr\u00e9dito p\u00fablico y los avales ICO, los mecanismos de alertas tempranas y los aspectos econ\u00f3micos, financieros y societarios de la reestructuraci\u00f3n empresarial, los nuevos mecanismos de la insolvencia para microempresas y la problem\u00e1tica procesal y liquidativa que presentan; o la problem\u00e1tica del concurso sin masa y la exoneraci\u00f3n del pasivo han sido abordadas en un completo programa de mesas redondas y conferencias magistrales.<\/p>\n<p>El Diputado de la Junta de Gobierno, adem\u00e1s, record\u00f3 a los presentes la importancia del nuevo proyecto formativo que el ICAM va a implementar, ICAM Universidad, con el que espera convertirse en un \u201ccentro universitario de calidad y prestigio\u201d en las nuevas instalaciones del ICAM.<\/p>\n<p>Tras el desarrollo de las siete mesas redondas y de la conferencia magistral impartida por<strong>\u00a0Ignacio Sancho Gargallo<\/strong>, Magistrado de la Sala 1\u00ba del Tribunal Supremo, fue el Decano del ICAM,\u00a0<strong>Eugenio Rib\u00f3n<\/strong>, el encargado de clausurar el Congreso.<\/p>\n<p>\u201cSois el pulm\u00f3n que soporta y asiste a las empresas en las \u00e9pocas de mayor dificultad, los que permiten que la econom\u00eda siga circulando en las \u00e9pocas m\u00e1s duras que atraviesan las empresas\u201d, ha concluido el Decano, dirigi\u00e9ndose a los presentes.<\/p>\n<figure class=\"wp-block-image size-full\"><\/figure>\n<h2 class=\"wp-block-heading\">Inauguraci\u00f3n<\/h2>\n<h3 class=\"wp-block-heading\">Conferencia inaugural de Ignacio Sancho Gargallo<\/h3>\n<p>Tras unas palabras de bienvenida del Diputado Jos\u00e9 Ram\u00f3n Couso, el VII Congreso Nacional de Derecho Concursal ha arrancado con una ponencia inaugural impartida por Ignacio Sancho Gargallo, Magistrado de la Sala 1\u00ba del Tribunal Supremo<\/p>\n<figure class=\"wp-block-gallery has-nested-images columns-default is-cropped wp-block-gallery-2 is-layout-flex wp-block-gallery-is-layout-flex\">\n<figure class=\"wp-block-image size-large\"><\/figure>\n<\/figure>\n<h3 class=\"wp-block-heading\">Mesa 1 \u2013 Cuestiones actuales de apelaci\u00f3n en el \u00e1mbito de la responsabilidad de AA.SS. por raz\u00f3n de insolvencia<\/h3>\n<p>Moderada por Amalia Fern\u00e1ndez Doyague, abogada de AC Abogados y administradora concursal, la mesa ha contado con la participaci\u00f3n de Alfonso Mu\u00f1oz Paredes, Magistrado de la Secci\u00f3n 28\u00aa A.P. Madrid; Mar Hern\u00e1ndez Rodr\u00edguez, Magistrada de la Secci\u00f3n 4\u00aa A.P. Cantabria; y Nuria A. Orellana Cano, Magistrada de la Secci\u00f3n 5\u00aa A.P. C\u00e1diz.<\/p>\n<figure class=\"wp-block-gallery has-nested-images columns-default is-cropped wp-block-gallery-3 is-layout-flex wp-block-gallery-is-layout-flex\">\n<figure class=\"wp-block-image size-large\"><\/figure>\n<\/figure>\n<h3 class=\"wp-block-heading\">Mesa 2 \u2013 La reestructuraci\u00f3n de micropymes; posici\u00f3n del cr\u00e9dito bancario. Alternativas a los planes<\/h3>\n<p>La abogada de BDO Legal, Dolores Alemany, ha sido la encargada de moderar la mesa sobre la restructuraci\u00f3n de micropymes, en la que han intervenidoJorge Montull Urquijo, Magistrado del Juzgado Mercantil n\u00ba 3 de Madrid; Andr\u00e9s S\u00e1nchez Magro, Magistrado del Juzgado Mercantil n\u00ba 2 de Madrid; y Dami\u00e1n Flores Cacho, Responsable Asesor\u00eda Concursal\u00a0 de SAREB.<\/p>\n<figure class=\"wp-block-gallery has-nested-images columns-default is-cropped wp-block-gallery-4 is-layout-flex wp-block-gallery-is-layout-flex\">\n<figure class=\"wp-block-image size-large\"><\/figure>\n<\/figure>\n<h3 class=\"wp-block-heading\">Mesa 3 \u2013 Cr\u00e9dito p\u00fablico y cr\u00e9dito ICO; en especial, rescisi\u00f3n y exoneraci\u00f3n<\/h3>\n<p>En esta mesa redonda, moderada por Manuela Serrano S\u00e1nchez, abogada de AC y socia de Pwc, han participado:\u00a0 Manuel Marquina \u00c1lvarez, Magistrado del Juzgado Mercantil n\u00ba 1 de Pontevedra;\u00a0 Javier Carretero Espinosa de los Monteros, Magistrado Juzgado Mercantil n\u00ba 3 de Sevilla; y Cayetana Lado Castro-Rial, Secretaria del Consejo General del ICO y Abogada del Estado.<\/p>\n<figure class=\"wp-block-gallery has-nested-images columns-default is-cropped wp-block-gallery-5 is-layout-flex wp-block-gallery-is-layout-flex\">\n<figure class=\"wp-block-image size-large\"><\/figure>\n<\/figure>\n<h3 class=\"wp-block-heading\">Mesa 4 \u2013 La exoneraci\u00f3n de cr\u00e9ditos; en especial, las garant\u00edas reales<\/h3>\n<p>Esta mesa redonda ha contado con la moderaci\u00f3n de Luis P\u00e9rez Gonz\u00e1lez, auditor y socio de Eudita AH Auditores. En la mesa han intervenido: Alba Mar\u00eda P\u00e9rez-Bustos Manzaneque, Magistrada del Juzgado Mercantil n\u00ba 2 de Valladolid; Nuria Fachal Noguer, Magistrada del Juzgado Mercantil n\u00ba 2 de Coru\u00f1a; y Ana Mar\u00eda Gallego S\u00e1nchez, Magistrada del Juzgado de lo Mercantil n\u00ba 12 de Madrid.<\/p>\n<figure class=\"wp-block-gallery has-nested-images columns-default is-cropped wp-block-gallery-6 is-layout-flex wp-block-gallery-is-layout-flex\">\n<figure class=\"wp-block-image size-large\"><\/figure>\n<\/figure>\n<h3 class=\"wp-block-heading\">Mesa 5 \u2013 La liquidaci\u00f3n concursal sin plan.- La plataforma de liquidaci\u00f3n en microempresas<\/h3>\n<p>Ar\u00e1nzazu B\u00e1rcena Fern\u00e1ndez, abogada de AC y socia de AABAC.SLP, ha moderado esta mesa en la que han participado Mar\u00eda Palmero Sand\u00edn, Letrada Administraci\u00f3n de Justicia del Juzgado Mercantil n\u00ba6 Madrid; Jos\u00e9 Mar\u00eda Tapia, Magistrado del Juzgado Mercantil n\u00ba 3 de Bilbao; y V\u00edctor Casaleiro R\u00edos, Magistrado del Juzgado Mercantil n\u00ba 2 de Palma de Mallorca.<\/p>\n<figure class=\"wp-block-gallery has-nested-images columns-default is-cropped wp-block-gallery-7 is-layout-flex wp-block-gallery-is-layout-flex\">\n<figure class=\"wp-block-image size-large\"><\/figure>\n<\/figure>\n<h3 class=\"wp-block-heading\">Mesa 6 -El \u00f3rgano de administraci\u00f3n concursal en el nuevo escenario concursal y de microempresas. Balance<\/h3>\n<p>La mesa en torno al \u00f3rgano de administraci\u00f3n concursal en el nuevo escenario concursal y de microempresas ha sido presidida por Jos\u00e9 Mar\u00eda Puelles, abogado y Copresidente de la Secci\u00f3n Restructuraci\u00f3n e Insolvencia del ICAM y en ella han participado Mar\u00eda Amparo L\u00f3pez Senovilla, Subsecretaria del Ministerio de Econom\u00eda, Comercio y Empresa; Carmen Gonz\u00e1lez Su\u00e1rez, Magistrada del Juzgado Mercantil n\u00ba 14 de Madrid; y Mar\u00eda Enciso Alonso-Mu\u00f1umer, Catedr\u00e1tica de Derecho Mercantil en la Universidad Rey Juan Carlos de Madrid.<\/p>\n<figure class=\"wp-block-gallery has-nested-images columns-default is-cropped wp-block-gallery-8 is-layout-flex wp-block-gallery-is-layout-flex\">\n<figure class=\"wp-block-image size-large\"><\/figure>\n<\/figure>\n<h3 class=\"wp-block-heading\">Mesa 7 \u2013 An\u00e1lisis del primer a\u00f1o de vigencia de los mecanismos preconcursales: luces y sombras<\/h3>\n<p>Esta mesa redonda ha sido con moderada por Jos\u00e9 Mar\u00eda Carri\u00f3, socio y economista de AABACSLP. En la mesa han participado: \u00c1lvaro Lobato Lav\u00edn, Magistrado del Juzgado Mercantil n\u00ba 2 de Barcelona; Amanda Cohen Benchetrit, Magistrada de la Audiencia Provincial de C\u00f3rdoba y Asesora del Ministerio Justicia; y Mois\u00e9s Guillam\u00f3n Ruiz, Magistrado del Juzgado Mercantil n\u00ba 5 de Madrid.<\/p>\n<figure class=\"wp-block-gallery has-nested-images columns-default is-cropped wp-block-gallery-9 is-layout-flex wp-block-gallery-is-layout-flex\">\n<figure class=\"wp-block-image size-large\"><\/figure>\n<\/figure>\n<h2 class=\"wp-block-heading\">Clausura<\/h2>\n<p>Tras la celebraci\u00f3n de las siete mesas redondas, el Congreso ha llegado a su fin con un acto de clausura en el que han participado Eugenio Rib\u00f3n, Decano del ICAM; Amalia Fern\u00e1ndez Doyague, abogada de AC Abogados y administradora concursal; y Francisco Javier Vaquer Mart\u00edn, Magistrado del Juzgado Mercantil n\u00ba 6 de Madrid.<\/p>\n<figure class=\"wp-block-gallery has-nested-images columns-default is-cropped wp-block-gallery-10 is-layout-flex wp-block-gallery-is-layout-flex\">\n<figure class=\"wp-block-image size-large\"><\/figure>\n<figure class=\"wp-block-image size-large\"><\/figure>\n<figure class=\"wp-block-image size-large\"><\/figure>\n<\/figure>\n<\/div><\/div><\/div><style type=\"text\/css\">.fusion-body .fusion-builder-column-0{width:100% !important;margin-top : 0px;margin-bottom : 0px;}.fusion-builder-column-0 > .fusion-column-wrapper {padding-top : 0px !important;padding-right : 0px !important;margin-right : 2.56%;padding-bottom : 0px !important;padding-left : 0px !important;margin-left : 1.92%;}@media only screen and (max-width:1024px) {.fusion-body .fusion-builder-column-0{width:100% !important;}.fusion-builder-column-0 > .fusion-column-wrapper {margin-right : 2.56%;margin-left : 1.92%;}}@media only screen and (max-width:640px) {.fusion-body .fusion-builder-column-0{width:100% !important;}.fusion-builder-column-0 > .fusion-column-wrapper {margin-right : 1.92%;margin-left : 1.92%;}}<\/style><\/div><style type=\"text\/css\">.fusion-body .fusion-flex-container.fusion-builder-row-1{ padding-top : 0px;margin-top : 0px;padding-right : 0px;padding-bottom : 0px;margin-bottom : 0px;padding-left : 0px;}<\/style><\/div>\n","protected":false},"excerpt":{"rendered":"","protected":false},"author":1,"featured_media":471,"comment_status":"open","ping_status":"open","sticky":false,"template":"","format":"standard","meta":{"inline_featured_image":false,"footnotes":""},"categories":[3],"tags":[],"class_list":["post-470","post","type-post","status-publish","format-standard","has-post-thumbnail","hentry","category-noticias"],"_links":{"self":[{"href":"https:\/\/www.aabac.es\/index.php?rest_route=\/wp\/v2\/posts\/470","targetHints":{"allow":["GET"]}}],"collection":[{"href":"https:\/\/www.aabac.es\/index.php?rest_route=\/wp\/v2\/posts"}],"about":[{"href":"https:\/\/www.aabac.es\/index.php?rest_route=\/wp\/v2\/types\/post"}],"author":[{"embeddable":true,"href":"https:\/\/www.aabac.es\/index.php?rest_route=\/wp\/v2\/users\/1"}],"replies":[{"embeddable":true,"href":"https:\/\/www.aabac.es\/index.php?rest_route=%2Fwp%2Fv2%2Fcomments&post=470"}],"version-history":[{"count":1,"href":"https:\/\/www.aabac.es\/index.php?rest_route=\/wp\/v2\/posts\/470\/revisions"}],"predecessor-version":[{"id":472,"href":"https:\/\/www.aabac.es\/index.php?rest_route=\/wp\/v2\/posts\/470\/revisions\/472"}],"wp:featuredmedia":[{"embeddable":true,"href":"https:\/\/www.aabac.es\/index.php?rest_route=\/wp\/v2\/media\/471"}],"wp:attachment":[{"href":"https:\/\/www.aabac.es\/index.php?rest_route=%2Fwp%2Fv2%2Fmedia&parent=470"}],"wp:term":[{"taxonomy":"category","embeddable":true,"href":"https:\/\/www.aabac.es\/index.php?rest_route=%2Fwp%2Fv2%2Fcategories&post=470"},{"taxonomy":"post_tag","embeddable":true,"href":"https:\/\/www.aabac.es\/index.php?rest_route=%2Fwp%2Fv2%2Ftags&post=470"}],"curies":[{"name":"wp","href":"https:\/\/api.w.org\/{rel}","templated":true}]}}